{"id":1296,"date":"2018-10-12T22:02:42","date_gmt":"2018-10-12T20:02:42","guid":{"rendered":"http:\/\/mietentscheid-frankfurt.de\/?p=1296"},"modified":"2019-09-08T00:31:14","modified_gmt":"2019-09-07T22:31:14","slug":"mietentscheid-goes-sleep-out-supersammelsamstag-wir-sind-mehr-demo","status":"publish","type":"post","link":"https:\/\/mietentscheid-frankfurt.de\/?p=1296","title":{"rendered":"Mietentscheid goes  Sleep Out , SuperSammelSamstag &#038; Wir Sind Mehr-Demo"},"content":{"rendered":"<p>Der Mietentscheid sammelt seit sieben Wochen Unterschriften, die Motivation ist ungebremst. <em>\u201eAn diesem Wochenende stehen mehrere Termine an, bei denen wir Unterschriften sammeln wollen\u201c<\/em>, fasst Lisa Hahn, Pressesprecherin des B\u00fcndnisses Mietentscheid Frankfurt, zusammen.<\/p>\n<p><em>\u201eLos geht es am Freitag, 12. Oktober, ab 18 Uhr mit dem Sleep Out von Solidarity City. Diese Aktion ist uns besonders wichtig, da sie auf das wichtige Thema Wohnungslosigkeit in Frankfurt aufmerksam macht. Leider gibt es immer noch Wohnungslosigkeit in Frankfurt. Wir vom Mietentscheid sehen die Schaffung von mehr bezahlbarem Wohnraum als einen Ansatz, diese zu bek\u00e4mpfen.\u201c<\/em> Ab 20 Uhr startet eine Gruppe vom Sleep Out am Willy-Brandt-Platz und sammelt in Caf\u00e9s und Bars weiter Unterschriften.<\/p>\n<h3>\nSamstag geht das Sammeln weiter<\/h3>\n<p><em>\u201eAm Samstag geht es weiter mit dem zweiten SuperSammelSamstag. Der ist diese Woche insofern besonders, als dass wir die Zeit nutzen, um nochmal auf die Mietendemo vom B\u00fcndnis #Mietenwahnsinn-Hessen hinzuweisen. Die hessenweite Demo wurde von einem breiten B\u00fcndnis organisiert und findet in einer Woche in Frankfurt statt, also am Samstag, den 20. Oktober. Die kraftvolle Mobilisierung f\u00fcr die Demo zeigt uns nochmal, wie wichtig das Thema des Mietentscheids ist. Nat\u00fcrlich wollen wir an den Terminen viele Unterschriften sammeln \u2013 sowohl am SuperSammelSamstag als auch n\u00e4chste Woche auf der Mietendemo\u201c<\/em>, so Hahn weiter.<\/p>\n<p>\nSchlie\u00dflich ist das B\u00fcndnis Mietentscheid diesen Samstag, 13. Oktober, bei der Wir Sind Mehr-Demo vertreten. Sie l\u00e4uft ab 13:30 Uhr vom Baseler Platz los. <em>\u201eWir freuen uns Teil der Wir sind Mehr-Demo zu sein und ein Zeichen gegen Rassismus setzen zu k\u00f6nnen \u2013 leider auch viel zu oft ein Thema am Wohnungsmarkt.\u201c<\/em><\/p>\n<p>Bei Nachfragen: Lisa Hahn | 0175-60 66 421 | <a href=\"mailto:info@mietentscheid-frankfurt.de\">info@mietentscheid-frankfurt.de<\/a><\/p>\n","protected":false},"excerpt":{"rendered":"<p>Der Mietentscheid sammelt seit sieben Wochen Unterschriften, die Motivation ist ungebremst. \u201eAn diesem Wochenende stehen mehrere Termine an, bei denen wir Unterschriften sammeln wollen\u201c, fasst Lisa Hahn, Pressesprecherin des B\u00fcndnisses Mietentscheid Frankfurt, zusammen. \u201eLos geht es am Freitag, 12. Oktober, ab 18 Uhr mit dem Sleep Out von Solidarity City. Diese Aktion ist uns besonders [&hellip;]<\/p>\n","protected":false},"author":1,"featured_media":1511,"comment_status":"closed","ping_status":"open","sticky":false,"template":"","format":"standard","meta":{"_et_pb_use_builder":"","_et_pb_old_content":"","_et_gb_content_width":""},"categories":[10],"tags":[],"post_mailing_queue_ids":[],"_links":{"self":[{"href":"https:\/\/mietentscheid-frankfurt.de\/index.php?rest_route=\/wp\/v2\/posts\/1296"}],"collection":[{"href":"https:\/\/mietentscheid-frankfurt.de\/index.php?rest_route=\/wp\/v2\/posts"}],"about":[{"href":"https:\/\/mietentscheid-frankfurt.de\/index.php?rest_route=\/wp\/v2\/types\/post"}],"author":[{"embeddable":true,"href":"https:\/\/mietentscheid-frankfurt.de\/index.php?rest_route=\/wp\/v2\/users\/1"}],"replies":[{"embeddable":true,"href":"https:\/\/mietentscheid-frankfurt.de\/index.php?rest_route=%2Fwp%2Fv2%2Fcomments&post=1296"}],"version-history":[{"count":1,"href":"https:\/\/mietentscheid-frankfurt.de\/index.php?rest_route=\/wp\/v2\/posts\/1296\/revisions"}],"predecessor-version":[{"id":1297,"href":"https:\/\/mietentscheid-frankfurt.de\/index.php?rest_route=\/wp\/v2\/posts\/1296\/revisions\/1297"}],"wp:featuredmedia":[{"embeddable":true,"href":"https:\/\/mietentscheid-frankfurt.de\/index.php?rest_route=\/wp\/v2\/media\/1511"}],"wp:attachment":[{"href":"https:\/\/mietentscheid-frankfurt.de\/index.php?rest_route=%2Fwp%2Fv2%2Fmedia&parent=1296"}],"wp:term":[{"taxonomy":"category","embeddable":true,"href":"https:\/\/mietentscheid-frankfurt.de\/index.php?rest_route=%2Fwp%2Fv2%2Fcategories&post=1296"},{"taxonomy":"post_tag","embeddable":true,"href":"https:\/\/mietentscheid-frankfurt.de\/index.php?rest_route=%2Fwp%2Fv2%2Ftags&post=1296"}],"curies":[{"name":"wp","href":"https:\/\/api.w.org\/{rel}","templated":true}]}}