{"id":1310,"date":"2018-11-02T08:16:45","date_gmt":"2018-11-02T07:16:45","guid":{"rendered":"http:\/\/mietentscheid-frankfurt.de\/?p=1310"},"modified":"2018-11-03T08:17:28","modified_gmt":"2018-11-03T07:17:28","slug":"zwischenstand-mietentscheid-mehr-als-11-000-unterschriften-gesammelt","status":"publish","type":"post","link":"https:\/\/mietentscheid-frankfurt.de\/?p=1310","title":{"rendered":"Zwischenstand Mietentscheid:  Mehr als 11.000 Unterschriften gesammelt"},"content":{"rendered":"<h3>Gro\u00dfer Zuspruch zu Mietentscheid in der Stadtgesellschaft<\/h3>\n<p>Das B\u00fcndnis Mietentscheid ist begeistert: Mehr als 11.000 Unterschriften sind bereits f\u00fcr das B\u00fcrger*innen-Begehren gesammelt worden. Lisa Hahn, Sprecherin vom Mietentscheid Frankfurt\u00a0 und aktiv bei der Kampagne \u201eEine Stadt f\u00fcr alle\u201c, kommentiert: \u201eUnser Ziel sind 20.000 Unterschriften. Wir sind zuversichtlich und motiviert f\u00fcr die zweite H\u00e4lfte, denn es liegen schon mehr als 11.000 Unterschriften in unserem Depot.\u201c<\/p>\n<p>Alexis Passadakis, Sprecher vom Mietentscheid Frankfurt und aktiv bei Attac Frankfurt, erg\u00e4nzt: \u201eDer bisherige Erfolg der Unterschriftensammlung ist unseren vielen B\u00fcndnispartner*innen zu verdanken, die unerm\u00fcdlich Unterschriften sammeln. Teilweise haben auch Einzelpersonen mehrere Dutzend Unterschriften bei uns abgegeben. Die existentielle Bedrohung, die die Wohnungsmisere f\u00fcr viele Frankfurterinnen und Frankfurter bedeutet, ist bei unseren Sammelaktionen auf der Stra\u00dfe offensichtlich. Viele Menschen nehmen sich leere Unterschriftenlisten mit, lassen ihre Nachbar*innen, Kommiliton*innen oder Bekannten unterschreiben und schicken uns dann ausgef\u00fcllte Listen zur\u00fcck.\u201c<\/p>\n<p>&nbsp;<\/p>\n<h3>Nicht alle Frankfurter*innen d\u00fcrfen den Mietentscheid unterst\u00fctzen<\/h3>\n<p>Kritisch sieht Passadakis, dass viele Frankfurterinnen und Frankfurter nicht unterschreiben d\u00fcrfen: \u201eDamit die eigene Unterschrift z\u00e4hlt, muss man seit mindestens drei Monaten in Frankfurt gemeldet sein, Staatsangeh\u00f6rige*r der Europ\u00e4ischen Union und \u00fcber 18 Jahre alt. Das schlie\u00dft nat\u00fcrlich viele Menschen aus, die ebenso dringend eine Wohnung suchen wie die Unterschriftsberechtigten. Damit wird es vielen Frankfurter*innen verwehrt, die Stadtpolitik mitzugestalten.\u201c<\/p>\n<p>&nbsp;<\/p>\n<h3>Wie geht es weiter mit dem Mietentscheid?<\/h3>\n<p>Hahn f\u00fcgt hinzu: \u201eNach der Hessischen Gemeindeordnung darf au\u00dferdem nur auf Papier unterschrieben werden und nicht online.\u201c Es gibt es zwei Wege, auf denen die vollen Unterschriften zum Mietentscheid-B\u00fcndnis zur\u00fcck kommen: sie k\u00f6nnen per Post eingeschickt oder in einen der Mietk\u00e4sten<sup>x<\/sup> geworfen werden, die im ganzen Stadtgebiet verteilt stehen. \u201eDoch wir wollen nicht nur, dass schon gesammelte Unterschriften den Weg zu uns finden. Wir haben auch neue Sammel-Events geplant, um die Unterschriftensammlung f\u00fcr den Mietentscheid bald erfolgreich abzuschlie\u00dfen.\u201c So wird am Samstag, den 3. November wieder ein \u201eSuper-Sammel-Samstag\u201c stattfinden. Stadtweit gibt es an dem Tag Infost\u00e4nde, an denen man sich informieren und unterschreiben kann.<\/p>\n","protected":false},"excerpt":{"rendered":"<p>Gro\u00dfer Zuspruch zu Mietentscheid in der Stadtgesellschaft Das B\u00fcndnis Mietentscheid ist begeistert: Mehr als 11.000 Unterschriften sind bereits f\u00fcr das B\u00fcrger*innen-Begehren gesammelt worden. Lisa Hahn, Sprecherin vom Mietentscheid Frankfurt\u00a0 und aktiv bei der Kampagne \u201eEine Stadt f\u00fcr alle\u201c, kommentiert: \u201eUnser Ziel sind 20.000 Unterschriften. Wir sind zuversichtlich und motiviert f\u00fcr die zweite H\u00e4lfte, denn es [&hellip;]<\/p>\n","protected":false},"author":1,"featured_media":0,"comment_status":"closed","ping_status":"open","sticky":false,"template":"","format":"standard","meta":{"_et_pb_use_builder":"","_et_pb_old_content":"","_et_gb_content_width":""},"categories":[10],"tags":[],"post_mailing_queue_ids":[],"_links":{"self":[{"href":"https:\/\/mietentscheid-frankfurt.de\/index.php?rest_route=\/wp\/v2\/posts\/1310"}],"collection":[{"href":"https:\/\/mietentscheid-frankfurt.de\/index.php?rest_route=\/wp\/v2\/posts"}],"about":[{"href":"https:\/\/mietentscheid-frankfurt.de\/index.php?rest_route=\/wp\/v2\/types\/post"}],"author":[{"embeddable":true,"href":"https:\/\/mietentscheid-frankfurt.de\/index.php?rest_route=\/wp\/v2\/users\/1"}],"replies":[{"embeddable":true,"href":"https:\/\/mietentscheid-frankfurt.de\/index.php?rest_route=%2Fwp%2Fv2%2Fcomments&post=1310"}],"version-history":[{"count":3,"href":"https:\/\/mietentscheid-frankfurt.de\/index.php?rest_route=\/wp\/v2\/posts\/1310\/revisions"}],"predecessor-version":[{"id":1313,"href":"https:\/\/mietentscheid-frankfurt.de\/index.php?rest_route=\/wp\/v2\/posts\/1310\/revisions\/1313"}],"wp:attachment":[{"href":"https:\/\/mietentscheid-frankfurt.de\/index.php?rest_route=%2Fwp%2Fv2%2Fmedia&parent=1310"}],"wp:term":[{"taxonomy":"category","embeddable":true,"href":"https:\/\/mietentscheid-frankfurt.de\/index.php?rest_route=%2Fwp%2Fv2%2Fcategories&post=1310"},{"taxonomy":"post_tag","embeddable":true,"href":"https:\/\/mietentscheid-frankfurt.de\/index.php?rest_route=%2Fwp%2Fv2%2Ftags&post=1310"}],"curies":[{"name":"wp","href":"https:\/\/api.w.org\/{rel}","templated":true}]}}