{"id":1651,"date":"2019-09-16T15:21:49","date_gmt":"2019-09-16T13:21:49","guid":{"rendered":"http:\/\/mietentscheid-frankfurt.de\/?p=1651"},"modified":"2019-09-17T15:22:25","modified_gmt":"2019-09-17T13:22:25","slug":"keine-weitere-politik-der-verzoegerung","status":"publish","type":"post","link":"https:\/\/mietentscheid-frankfurt.de\/?p=1651","title":{"rendered":"Keine weitere Politik der Verz\u00f6gerung"},"content":{"rendered":"<p>Heute ab 16 Uhr verstellt der Mietentscheid der Justitia die Sicht auf den R\u00f6mer. Die Aktion soll Aufmerksamkeit auf die Verz\u00f6gerung des Mietentscheids lenken, einem B\u00fcrger*innen-Entscheid zu mehr bezahlbarem Wohnraum. Lisa Hahn, Sprecherin des B\u00fcndnisses Mietentscheid, kommentiert:<em> \u201eAm 19. Februar hat das Wahlamt best\u00e4tigt, dass wir gen\u00fcgend Unterschriften f\u00fcr einen B\u00fcrger*innen-Entscheid gesammelt haben. Seitdem sind fast sieben Monate vergangen und wir werden immer weiter vertr\u00f6stet. Das lassen wir uns nicht gefallen!\u201c<\/em><\/p>\n<p>Luca Hemmerich vom B\u00fcndnis Mietentscheid f\u00fchrt aus: <em>\u201eDie Justitia-Statue schaut mahnend auf den R\u00f6mer, um die Stadtverordneten an ihre Pflicht, gerecht zu regieren, zu erinnern. Wir wollen ihr den Anblick des Hinhaltens des demokratischen Prozesses ersparen und verdecken ihr deshalb die Sicht. Zugleich fordern wir mit dieser Aktion ein, dass der Mietentscheid schnellstm\u00f6glich kommt!\u201c<\/em><\/p>\n<p>&nbsp;<\/p>\n<h3><b data-stringify-type=\"bold\">Vorgehen ist bedenklich f\u00fcr direkte Demokratie<\/b><\/h3>\n<p>Der Mietentscheid w\u00e4re erst der zweite B\u00fcrger*innen-Entscheid in Frankfurt. Hahn meint: <em>\u201eDas zeigt, wie schwierig es ist, \u00fcberhaupt ein B\u00fcrger*innen-Begehren anzusto\u00dfen. Dass wir jetzt auf dem Weg zum Entscheid hingehalten werden, ist bedenklich f\u00fcr den Zustand der direkten Demokratie.\u201cDer Weg zu einem B\u00fcrger*innen-Entscheid ist in der Hessischen Gemeindeordnung festgelegt. Seit Monaten ist der Magistrat am Zug, aber die Ver\u00f6ffentlichung eines Gutachtens bleibt bisher aus. Hemmerich weiter: \u201eWir kritisieren dieses Hinhalten heute mit einer \u00f6ffentlichen Aktion auf dem R\u00f6mer und besuchen anschlie\u00dfend den Planungsausschuss.\u201c<\/em><\/p>\n<p>&nbsp;<\/p>\n<h3><b data-stringify-type=\"bold\">Mehr bezahlbarer Wohnraum jetzt<\/b><\/h3>\n<p>Hahn abschlie\u00dfend:<em> \u201eSeit Jahren h\u00f6ren wir Nachrichten von steigenden Mieten und Berichte von Verdr\u00e4ngung. Politiker*innen versprechen zwar L\u00f6sungen, aber es tut sich zu wenig. Unsere Forderungen f\u00fcr mehr bezahlbaren Wohnraum liegen auf dem Tisch und k\u00f6nnen sofort umgesetzt werden.\u201c<\/em><\/p>\n<p>Unter dem Motto \u201eWir wollen #mietentscheiden\u201c wird das B\u00fcndnis Mietentscheid in den n\u00e4chsten Wochen der Forderung nach einer baldigen M\u00f6glichkeit zur Abstimmung \u00fcber die Forderungen Nachdruck verleihen.<\/p>\n","protected":false},"excerpt":{"rendered":"<p>Heute ab 16 Uhr verstellt der Mietentscheid der Justitia die Sicht auf den R\u00f6mer. Die Aktion soll Aufmerksamkeit auf die Verz\u00f6gerung des Mietentscheids lenken, einem B\u00fcrger*innen-Entscheid zu mehr bezahlbarem Wohnraum. Lisa Hahn, Sprecherin des B\u00fcndnisses Mietentscheid, kommentiert: \u201eAm 19. Februar hat das Wahlamt best\u00e4tigt, dass wir gen\u00fcgend Unterschriften f\u00fcr einen B\u00fcrger*innen-Entscheid gesammelt haben. Seitdem sind [&hellip;]<\/p>\n","protected":false},"author":1,"featured_media":1653,"comment_status":"closed","ping_status":"open","sticky":false,"template":"","format":"standard","meta":{"_et_pb_use_builder":"","_et_pb_old_content":"","_et_gb_content_width":""},"categories":[10],"tags":[],"post_mailing_queue_ids":[],"_links":{"self":[{"href":"https:\/\/mietentscheid-frankfurt.de\/index.php?rest_route=\/wp\/v2\/posts\/1651"}],"collection":[{"href":"https:\/\/mietentscheid-frankfurt.de\/index.php?rest_route=\/wp\/v2\/posts"}],"about":[{"href":"https:\/\/mietentscheid-frankfurt.de\/index.php?rest_route=\/wp\/v2\/types\/post"}],"author":[{"embeddable":true,"href":"https:\/\/mietentscheid-frankfurt.de\/index.php?rest_route=\/wp\/v2\/users\/1"}],"replies":[{"embeddable":true,"href":"https:\/\/mietentscheid-frankfurt.de\/index.php?rest_route=%2Fwp%2Fv2%2Fcomments&post=1651"}],"version-history":[{"count":1,"href":"https:\/\/mietentscheid-frankfurt.de\/index.php?rest_route=\/wp\/v2\/posts\/1651\/revisions"}],"predecessor-version":[{"id":1652,"href":"https:\/\/mietentscheid-frankfurt.de\/index.php?rest_route=\/wp\/v2\/posts\/1651\/revisions\/1652"}],"wp:featuredmedia":[{"embeddable":true,"href":"https:\/\/mietentscheid-frankfurt.de\/index.php?rest_route=\/wp\/v2\/media\/1653"}],"wp:attachment":[{"href":"https:\/\/mietentscheid-frankfurt.de\/index.php?rest_route=%2Fwp%2Fv2%2Fmedia&parent=1651"}],"wp:term":[{"taxonomy":"category","embeddable":true,"href":"https:\/\/mietentscheid-frankfurt.de\/index.php?rest_route=%2Fwp%2Fv2%2Fcategories&post=1651"},{"taxonomy":"post_tag","embeddable":true,"href":"https:\/\/mietentscheid-frankfurt.de\/index.php?rest_route=%2Fwp%2Fv2%2Ftags&post=1651"}],"curies":[{"name":"wp","href":"https:\/\/api.w.org\/{rel}","templated":true}]}}