{"id":1675,"date":"2019-11-22T14:29:07","date_gmt":"2019-11-22T13:29:07","guid":{"rendered":"http:\/\/mietentscheid-frankfurt.de\/?p=1675"},"modified":"2019-11-22T14:31:55","modified_gmt":"2019-11-22T13:31:55","slug":"verzoegerung-vonseiten-der-stadt","status":"publish","type":"post","link":"https:\/\/mietentscheid-frankfurt.de\/?p=1675","title":{"rendered":"Verz\u00f6gerung vonseiten der Stadt \u2013 B\u00fcndnis plant Unt\u00e4ti\u00adgkeitsklage"},"content":{"rendered":"<p>Seit neun Monaten st\u00adockt das Verfahren zum B\u00fcrger<em>innen-Ents\u00adcheid f\u00fcr bezahlbaren Wohnraum \u2013 dem Mie\u00adtentscheid \u2013 in Fran\u00adkfurt. Luca Hemmerich vom B\u00fcndnis Mieten\u00adtscheid kommentiert: \u201eWir wollen nicht l\u00e4nger hingehalten we\u00adrden und ertragen den Stillstand nicht. Als wir vor \u00fcber ein\u00adem Jahr (!) Untersch\u00adriften gesammelt hab\u00aden, haben wir oft ge\u00adh\u00f6rt \u201aDas bringt doch nichts\u2018. Den Pessi\u00admismus und den Frust der B\u00fcrger<\/em>innen ve\u00adrstehen wir immer be\u00adsser. Denn nachdem wir in vier Monaten die ben\u00f6tigte Zahl an Unterschriften gesa\u00admmelt haben, werden wir nun seit neun Mo\u00adnaten hingehalten. Der Ball liegt beim Magistrat und es sche\u00adint kein St\u00fcck vorw\u00e4\u00adrts zu gehen. Obwohl das Rechtsgutachten seit mindestens sec\u00adhs Wochen fertig ges\u00adtellt ist, werden wir immer weiter vertr\u00ad\u00f6stet.\u201c<\/p>\n<p>Nachdem es zuerst von Vertretern der Sta\u00addt hie\u00df, das Gutacht\u00aden w\u00fcrde noch vor den Sommerferien Anfang Juli ver\u00f6ffentlich\u00adt, liegt es nun \u2013 we\u00aditere vier Monate sp\u00ad\u00e4ter \u2013 immer noch ni\u00adcht vor.<\/p>\n<h3>\u00a0<\/h3>\n<h3>B\u00fcndnis plant Unt\u00e4ti\u00adgkeitsklage<\/h3>\n<p>Hemmerich: \u201eF\u00fcr eine gr\u00fcndliche Arbeit der Verwaltung haben wir selbstverst\u00e4ndli\u00adch Verst\u00e4ndnis, aber mit dieser Hinhalte\u00ad-Taktik verh\u00e4lt sich die Stadt undemokra\u00adtisch. 25.000 Mensch\u00aden haben mit ihrer Unterschrift den Miet\u00adentscheid gefordert. Es ist ihr demokrat\u00adisches Recht, dass er nicht weiter block\u00adiert wird. Vor dem Hintergrund der langen Dauer und der Drin\u00adglichkeit des Proble\u00adms planen wir eine Unt\u00e4tigkeitsklage geg\u00aden die Stadt anzustr\u00adengen.&#8220;<\/p>\n<p>\u200b<\/p>\n<h3>Problem wird dr\u00e4ngen\u00adder<\/h3>\n<p>Lisa Hahn, Sprecherin des B\u00fcndnisses Mie\u00adtentscheid und aktiv bei Eine Stadt f\u00fcr alle!, meint: \u201eAuf der einen Seite w\u00fcnsc\u00adht sich die Stadtreg\u00adierung einen konstru\u00adktiven Dialog von ih\u00adren B\u00fcrger<em>innen. Auf der anderen Seite werden m\u00fchsam ausgea\u00adrbeitete Vorschl\u00e4ge wie die des Mietents\u00adcheids nicht aufgegr\u00adiffen. Waren wir f\u00fcr einen rechtlich g\u00fcl\u00adtigen B\u00fcrger<\/em>innen-E\u00adntscheid gezwungen, ehrenamtlich einen komplexen Finanzierun\u00adgsvorschlag, der kos\u00adtendeckend ausf\u00e4llt, zu erarbeiten, so wurde dieser bisher nicht eines Blickes gew\u00fcrdigt. Stattdessen tun die Regierenden unsere Forderungen mit einem lapidaren \u201aDas sei nicht kost\u00adendeckend m\u00f6glich\u2018 ab. Genaue Zahlen oder Grundlagen dieser Angaben bleiben aus. W\u00e4hrend der Magistr\u00adat das Datum f\u00fcr den n\u00e4chsten Schritt, ein Rechtsgutachten, ohne erkennbaren Gru\u00adnd immer weiter hina\u00adusz\u00f6gert, sind wir Monat f\u00fcr Monat mit Mieterh\u00f6hungen, Wohnu\u00adngsk\u00fcndigungen, ausl\u00adaufenden Sozialbindu\u00adngen und Modernisier\u00adungsank\u00fcndigungen ko\u00adnfrontiert. Wir werd\u00aden verdr\u00e4ngt und der Magistrat schaut zu\u00ad.\u201c<\/p>\n<p>\u200b<\/p>\n<h3>L\u00f6sungen vonseiten der Stadt nicht in Si\u00adcht<\/h3>\n<p>Hahn weiter: \u201eAls En\u00adtgegenkommen werden 50 Prozent gef\u00f6rdert\u00ader Wohnungsbau vorge\u00adschlagen. Doch dieser Vorschlag ist so weit von unserer Ford\u00aderung nach 100 Proze\u00adnt gef\u00f6rdertem Neubau entfernt, dass er aus unserer Sicht die gebotene Dringlich\u00adkeit nicht aufgreift. Wir verlieren die Geduld und wollen uns nicht mit den lang\u00adsamen M\u00fchlen des Mag\u00adistrats abfinden. De\u00adnn wir brauchen jetzt bezahlbaren Wohnra\u00adum!\u201c\u200b<\/p>\n<p>Alexis Passadakis von Attac Frankfurt und aktiv beim Mietent\u00adscheid erg\u00e4nzt absch\u00adlie\u00dfend: &#8222;Die Gr\u00fcndu\u00adng der Initiative Mi\u00adetentscheid Stuttgart und das europaweite Volksbegehren Hous\u00ading for all best\u00e4rken uns in unserem Anl\u00adiegen. Sie zeigen un\u00ads, dass unsere Heran\u00adgehensweise auch an anderen Orten gesehen und aufgegriffen wird. Au\u00dferdem rufen wir f\u00fcr den 28. M\u00e4rz 2020 gemeinsam mit vielen anderen Initi\u00adativen zum Mietenwah\u00adnsinn-Aktionstag auf, denn Handeln ist dringend erforderlich und das m\u00fcssen wir anscheinend immer wi\u00adeder gemeinsam deutl\u00adich machen!\u201c<\/p>\n<p>(Bild: \u00a0<a id=\"contributorPortfolioLink\" href=\"https:\/\/de.123rf.com\/profile_rclassenlayouts\" target=\"_parent\" rel=\"noopener noreferrer\">rclassenlayouts<\/a> \/ 123RF)<\/p>\n","protected":false},"excerpt":{"rendered":"<p>Seit neun Monaten st\u00adockt das Verfahren zum B\u00fcrgerinnen-Ents\u00adcheid f\u00fcr bezahlbaren Wohnraum \u2013 dem Mie\u00adtentscheid \u2013 in Fran\u00adkfurt. Luca Hemmerich vom B\u00fcndnis Mieten\u00adtscheid kommentiert: \u201eWir wollen nicht l\u00e4nger hingehalten we\u00adrden und ertragen den Stillstand nicht. Als wir vor \u00fcber ein\u00adem Jahr (!) Untersch\u00adriften gesammelt hab\u00aden, haben wir oft ge\u00adh\u00f6rt \u201aDas bringt doch nichts\u2018. Den Pessi\u00admismus und [&hellip;]<\/p>\n","protected":false},"author":1,"featured_media":1677,"comment_status":"closed","ping_status":"open","sticky":false,"template":"","format":"standard","meta":{"_et_pb_use_builder":"","_et_pb_old_content":"","_et_gb_content_width":""},"categories":[1,10],"tags":[],"post_mailing_queue_ids":[],"_links":{"self":[{"href":"https:\/\/mietentscheid-frankfurt.de\/index.php?rest_route=\/wp\/v2\/posts\/1675"}],"collection":[{"href":"https:\/\/mietentscheid-frankfurt.de\/index.php?rest_route=\/wp\/v2\/posts"}],"about":[{"href":"https:\/\/mietentscheid-frankfurt.de\/index.php?rest_route=\/wp\/v2\/types\/post"}],"author":[{"embeddable":true,"href":"https:\/\/mietentscheid-frankfurt.de\/index.php?rest_route=\/wp\/v2\/users\/1"}],"replies":[{"embeddable":true,"href":"https:\/\/mietentscheid-frankfurt.de\/index.php?rest_route=%2Fwp%2Fv2%2Fcomments&post=1675"}],"version-history":[{"count":4,"href":"https:\/\/mietentscheid-frankfurt.de\/index.php?rest_route=\/wp\/v2\/posts\/1675\/revisions"}],"predecessor-version":[{"id":1680,"href":"https:\/\/mietentscheid-frankfurt.de\/index.php?rest_route=\/wp\/v2\/posts\/1675\/revisions\/1680"}],"wp:featuredmedia":[{"embeddable":true,"href":"https:\/\/mietentscheid-frankfurt.de\/index.php?rest_route=\/wp\/v2\/media\/1677"}],"wp:attachment":[{"href":"https:\/\/mietentscheid-frankfurt.de\/index.php?rest_route=%2Fwp%2Fv2%2Fmedia&parent=1675"}],"wp:term":[{"taxonomy":"category","embeddable":true,"href":"https:\/\/mietentscheid-frankfurt.de\/index.php?rest_route=%2Fwp%2Fv2%2Fcategories&post=1675"},{"taxonomy":"post_tag","embeddable":true,"href":"https:\/\/mietentscheid-frankfurt.de\/index.php?rest_route=%2Fwp%2Fv2%2Ftags&post=1675"}],"curies":[{"name":"wp","href":"https:\/\/api.w.org\/{rel}","templated":true}]}}