{"id":997,"date":"2018-08-24T16:09:18","date_gmt":"2018-08-24T14:09:18","guid":{"rendered":"http:\/\/mietentscheid-frankfurt.de\/?p=997"},"modified":"2019-09-08T00:32:34","modified_gmt":"2019-09-07T22:32:34","slug":"mietentscheid-direkte-demokratie-ist-notwendig-nicht-sittenwidrig-finanzierungsvorschlag-ist-solide","status":"publish","type":"post","link":"https:\/\/mietentscheid-frankfurt.de\/?p=997","title":{"rendered":"Mietentscheid: Direkte Demokratie ist notwendig, nicht sittenwidrig. Finanzierungsvorschlag ist solide"},"content":{"rendered":"<p>Wie HR-Info gestern mitteilte, droht der ABG-Chef Frank Junker, das B\u00fcrger*innenbegehren \u201eMietentscheid Frankfurt\u201c auf Schadensersatz verklagen. Im Interview bezeichnete er das Vorhaben eines B\u00fcrgerentscheids \u00fcber mehr gef\u00f6rderten Wohnraum als eine \u201evors\u00e4tzliche, sittenwidrige Sch\u00e4digung der ABG\u201c.<\/p>\n<p>Dazu erkl\u00e4rt Valentin Fuchs vom B\u00fcndnis Mietentscheid und aktiv in der gr\u00fcnen Hochschulgruppe: <em>\u201eWir finden es im Sinne eines demokratischen Diskurses bedenklich, dass Herr Junker unser B\u00fcrger*innenbegehren als sittenwidrig bezeichnet und eine Schadensersatzklage in den Raum stellt. Direkte Demokratie ist weder \u201asittenwidrig\u2018 noch \u201aillegal\u2018, sondern ein notwendiges demokratisches Instrument. Nach der Hessischen Gemeindeordnung haben B\u00fcrger*innenbegehren bei \u201awichtigen Angelegenheiten\u2018 der wirtschaftlichen Betriebe einer Gemeinde Entscheidungskompetenz, auch wenn das Alltagsgesch\u00e4ft ausschlie\u00dflich dem Gemeindevorstand obliegt. Diese Rechtsauffassung werden wir auch vor einem Verwaltungsgericht verteidigen.\u201c<\/em><\/p>\n<p>Alexis Passadakis erl\u00e4utert vom B\u00fcndnis Mietentscheid und aktiv bei Attac:<br \/>\n<em>\u201eWir sind keine ABG-Gegner, wir sind ABG-Retter! Wir wollen, dass die ABG ein Gesch\u00e4ftsmodell umsetzt, das den Frankfurter*innen bezahlbares Wohnen erm\u00f6glicht. Bis Anfang der 90er-Jahre hat die ABG praktisch nur gef\u00f6rderten Wohnraum geschaffen: Genau das ist die Gr\u00fcndungsidee der ABG. Im \u00dcbrigen ist unser Finanzierungsvorschlag solide durchgerechnet. Falls ABG-Chef Junker daran tats\u00e4chlich Zweifel haben sollte, sehen wir bei ihm eine erhebliche Bringschuld.\u201c<\/em><\/p>\n","protected":false},"excerpt":{"rendered":"<p>Wie HR-Info gestern mitteilte, droht der ABG-Chef Frank Junker, das B\u00fcrger*innenbegehren \u201eMietentscheid Frankfurt\u201c auf Schadensersatz verklagen. Im Interview bezeichnete er das Vorhaben eines B\u00fcrgerentscheids \u00fcber mehr gef\u00f6rderten Wohnraum als eine \u201evors\u00e4tzliche, sittenwidrige Sch\u00e4digung der ABG\u201c. Dazu erkl\u00e4rt Valentin Fuchs vom B\u00fcndnis Mietentscheid und aktiv in der gr\u00fcnen Hochschulgruppe: \u201eWir finden es im Sinne eines demokratischen [&hellip;]<\/p>\n","protected":false},"author":2,"featured_media":1486,"comment_status":"closed","ping_status":"closed","sticky":false,"template":"","format":"standard","meta":{"_et_pb_use_builder":"","_et_pb_old_content":"","_et_gb_content_width":""},"categories":[10],"tags":[],"post_mailing_queue_ids":[],"_links":{"self":[{"href":"https:\/\/mietentscheid-frankfurt.de\/index.php?rest_route=\/wp\/v2\/posts\/997"}],"collection":[{"href":"https:\/\/mietentscheid-frankfurt.de\/index.php?rest_route=\/wp\/v2\/posts"}],"about":[{"href":"https:\/\/mietentscheid-frankfurt.de\/index.php?rest_route=\/wp\/v2\/types\/post"}],"author":[{"embeddable":true,"href":"https:\/\/mietentscheid-frankfurt.de\/index.php?rest_route=\/wp\/v2\/users\/2"}],"replies":[{"embeddable":true,"href":"https:\/\/mietentscheid-frankfurt.de\/index.php?rest_route=%2Fwp%2Fv2%2Fcomments&post=997"}],"version-history":[{"count":2,"href":"https:\/\/mietentscheid-frankfurt.de\/index.php?rest_route=\/wp\/v2\/posts\/997\/revisions"}],"predecessor-version":[{"id":1569,"href":"https:\/\/mietentscheid-frankfurt.de\/index.php?rest_route=\/wp\/v2\/posts\/997\/revisions\/1569"}],"wp:featuredmedia":[{"embeddable":true,"href":"https:\/\/mietentscheid-frankfurt.de\/index.php?rest_route=\/wp\/v2\/media\/1486"}],"wp:attachment":[{"href":"https:\/\/mietentscheid-frankfurt.de\/index.php?rest_route=%2Fwp%2Fv2%2Fmedia&parent=997"}],"wp:term":[{"taxonomy":"category","embeddable":true,"href":"https:\/\/mietentscheid-frankfurt.de\/index.php?rest_route=%2Fwp%2Fv2%2Fcategories&post=997"},{"taxonomy":"post_tag","embeddable":true,"href":"https:\/\/mietentscheid-frankfurt.de\/index.php?rest_route=%2Fwp%2Fv2%2Ftags&post=997"}],"curies":[{"name":"wp","href":"https:\/\/api.w.org\/{rel}","templated":true}]}}